{"id":209381,"date":"2022-08-02T13:02:19","date_gmt":"2022-08-02T13:02:19","guid":{"rendered":"https:\/\/www.bleniofestival.ch\/?p=209381"},"modified":"2025-03-31T17:45:31","modified_gmt":"2025-03-31T17:45:31","slug":"example-news-2","status":"publish","type":"post","link":"https:\/\/www.bleniomusica.com\/it\/example-news-2\/","title":{"rendered":"Prima Edizione del Blenio Festival 10 e 11 luglio, 2021"},"content":{"rendered":"[et_pb_section fb_built=&#8221;1&#8243; admin_label=&#8221;section&#8221; _builder_version=&#8221;4.16&#8243; global_colors_info=&#8221;{}&#8221; theme_builder_area=&#8221;post_content&#8221;][et_pb_row admin_label=&#8221;row&#8221; _builder_version=&#8221;4.16&#8243; background_size=&#8221;initial&#8221; background_position=&#8221;top_left&#8221; background_repeat=&#8221;repeat&#8221; global_colors_info=&#8221;{}&#8221; theme_builder_area=&#8221;post_content&#8221;][et_pb_column type=&#8221;4_4&#8243; _builder_version=&#8221;4.16&#8243; custom_padding=&#8221;|||&#8221; global_colors_info=&#8221;{}&#8221; custom_padding__hover=&#8221;|||&#8221; theme_builder_area=&#8221;post_content&#8221;][et_pb_text admin_label=&#8221;Text&#8221; _builder_version=&#8221;4.21.0&#8243; background_size=&#8221;initial&#8221; background_position=&#8221;top_left&#8221; background_repeat=&#8221;repeat&#8221; hover_enabled=&#8221;0&#8243; global_colors_info=&#8221;{}&#8221; theme_builder_area=&#8221;post_content&#8221; sticky_enabled=&#8221;0&#8243;]<p>Recensione di Luca Pfaff in BlenioViva (11.07.2021)<\/p>\r\n<p>Bella questa iniziativa nata dalla volont\u00e0 della giovane pianista Susanna Braun di proporre della musica da camera circondata da giovani colleghi della stessa generazione, tutti animati da un gran entusiasmo e da capacit\u00e0 strumentali di primo ordine. Presentandosi in varie piccole formazioni hanno dato vita a due concerti, uno nella chiesa di Torre (sabato 10 luglio), l\u2019altro in quella di Olivone (domenica 11 luglio), seguiti da un pubblico attento e felice di vivere musica in due spazi storici di grande pregio. Non meno apprezzato \u00e8 stato il concerto offerto sabato in serata nel contesto pi\u00f9 leggero e rilassato del parco di Villa Lina a Torre. Non \u00e8 certamente compito mio di scrivere una critica dettagliata delle carie prestazioni musicali. \u00c9 molto pi\u00f9 importante di sottolineare l\u2019incoraggiante riuscita dell\u2019iniziativa e mi auguro che questo Blenio Festival di musica da camera abbia un vero futuro, ossia un futuro che sapr\u00e0 proporre altre opportunit\u00e0 d\u2019incontro fra una nuova leva di musicisti e il pubblico apprezzer\u00e0.<\/p>\r\n<p>L\u2019autocritica e certamente una delle qualit\u00e0 fondamentali e imprescindibili per ogni musicista che voglia evolvere e migliorarsi durante la sua attivit\u00e0. Sono certo che questi giovani, ricchi di questa prima esperienza, sapranno integrarla felicemente, proponendoci altri bei concerti, grazie anche ad alcune rettifiche e adeguamenti indotti imperativamente dalle condizioni e dalle differenze acustiche dei luoghi prescelti. L\u2019esperienza insegna che i valori dinamici che vanno dal piano al forte o addirittura dal pianissimo al fortissimo non sono mai assoluti, ma sempre relativi alla portata acustica dei luoghi di esecuzione. Per concludere: auguriamo al piccolo Blenio Festival di diventare un grande Blenio Festival e prepariamoci a vivere altre belle esperienze concertistiche nella nostra valle!<\/p>\r\n<figure class=\"wp-block-image size-full\"><img decoding=\"async\" width=\"1024\" height=\"768\" data-src=\"http:\/\/www.bleniofestival.ch\/wp-content\/uploads\/2022\/07\/Blenio-3.jpg\" alt=\"\" class=\"wp-image-209248 lazyload\" data-srcset=\"http:\/\/www.bleniofestival.ch\/wp-content\/uploads\/2022\/07\/Blenio-3.jpg 1024w, http:\/\/www.bleniofestival.ch\/wp-content\/uploads\/2022\/07\/Blenio-3-980x735.jpg 980w, http:\/\/www.bleniofestival.ch\/wp-content\/uploads\/2022\/07\/Blenio-3-480x360.jpg 480w\" data-sizes=\"(min-width: 0px) and (max-width: 480px) 480px, (min-width: 481px) and (max-width: 980px) 980px, (min-width: 981px) 1024px, 100vw\" src=\"data:image\/svg+xml;base64,PHN2ZyB3aWR0aD0iMSIgaGVpZ2h0PSIxIiB4bWxucz0iaHR0cDovL3d3dy53My5vcmcvMjAwMC9zdmciPjwvc3ZnPg==\" style=\"--smush-placeholder-width: 1024px; --smush-placeholder-aspect-ratio: 1024\/768;\" \/><\/p>\r\n<figcaption>This is a caption<\/figcaption>\r\n<\/figure>\r\n<p><\/p>[\/et_pb_text][\/et_pb_column][\/et_pb_row][\/et_pb_section]<!-- \/wp:post-content -->","protected":false},"excerpt":{"rendered":"<p>Phasellus dolor. In enim justo, rhoncus ut, imperdiet a, venenatis vitae, justo. Donec mi odio, faucibus <\/p>","protected":false},"author":1,"featured_media":209248,"comment_status":"open","ping_status":"open","sticky":false,"template":"","format":"standard","meta":{"_et_pb_use_builder":"off","_et_pb_old_content":"","_et_gb_content_width":"","footnotes":""},"categories":[7],"tags":[],"class_list":["post-209381","post","type-post","status-publish","format-standard","has-post-thumbnail","hentry","category-news"],"_links":{"self":[{"href":"https:\/\/www.bleniomusica.com\/it\/wp-json\/wp\/v2\/posts\/209381","targetHints":{"allow":["GET"]}}],"collection":[{"href":"https:\/\/www.bleniomusica.com\/it\/wp-json\/wp\/v2\/posts"}],"about":[{"href":"https:\/\/www.bleniomusica.com\/it\/wp-json\/wp\/v2\/types\/post"}],"author":[{"embeddable":true,"href":"https:\/\/www.bleniomusica.com\/it\/wp-json\/wp\/v2\/users\/1"}],"replies":[{"embeddable":true,"href":"https:\/\/www.bleniomusica.com\/it\/wp-json\/wp\/v2\/comments?post=209381"}],"version-history":[{"count":9,"href":"https:\/\/www.bleniomusica.com\/it\/wp-json\/wp\/v2\/posts\/209381\/revisions"}],"predecessor-version":[{"id":242247,"href":"https:\/\/www.bleniomusica.com\/it\/wp-json\/wp\/v2\/posts\/209381\/revisions\/242247"}],"wp:featuredmedia":[{"embeddable":true,"href":"https:\/\/www.bleniomusica.com\/it\/wp-json\/wp\/v2\/media\/209248"}],"wp:attachment":[{"href":"https:\/\/www.bleniomusica.com\/it\/wp-json\/wp\/v2\/media?parent=209381"}],"wp:term":[{"taxonomy":"category","embeddable":true,"href":"https:\/\/www.bleniomusica.com\/it\/wp-json\/wp\/v2\/categories?post=209381"},{"taxonomy":"post_tag","embeddable":true,"href":"https:\/\/www.bleniomusica.com\/it\/wp-json\/wp\/v2\/tags?post=209381"}],"curies":[{"name":"wp","href":"https:\/\/api.w.org\/{rel}","templated":true}]}}